{"id":399,"date":"2016-08-04T23:14:01","date_gmt":"2016-08-04T23:14:01","guid":{"rendered":"http:\/\/democracycuba.com\/Blog\/?p=399"},"modified":"2018-06-28T15:31:11","modified_gmt":"2018-06-28T15:31:11","slug":"forum-social-mondial-2016-montreal-cuba","status":"publish","type":"post","link":"https:\/\/democracycuba.com\/Blog\/forum-social-mondial-2016-montreal-cuba\/","title":{"rendered":"Deux activit\u00e9s \u00e0 Montr\u00e9al sur Cuba &#8211; Forum Social  Mondial"},"content":{"rendered":"<p align=\"center\"><a href=\"https:\/\/democracycuba.com\/Blog\/wp-content\/uploads\/2016\/08\/Quebec-Cuba-Flags-1.png\"><img loading=\"lazy\" decoding=\"async\" class=\"alignnone size-medium wp-image-401\" src=\"https:\/\/democracycuba.com\/Blog\/wp-content\/uploads\/2016\/08\/Quebec-Cuba-Flags-1.png\" alt=\"Quebec-Cuba-Flags\" width=\"251\" height=\"201\" \/><\/a><\/p>\n<p align=\"center\">\n<p align=\"center\">Forum Social Mondial 2016 Montreal (Cuba)<\/p>\n<p align=\"center\"><span lang=\"FR\"><span style=\"color: #000000; font-family: Times New Roman;\"><b>Ensemble un monde meilleur est possible<br \/>\nTable de concertation de solidarit\u00e9 Qu\u00e9bec-Cuba<br \/>\n<\/b><\/span><\/span><span lang=\"FR\"><a><u><span style=\"color: #000080; font-family: Times New Roman;\"><b>info@solidaritequ<\/b><\/span><\/u><\/a><a><u><span style=\"color: #000080; font-family: Times New Roman;\"><b>e<\/b><\/span><\/u><\/a><a><u><span style=\"color: #000080; font-family: Times New Roman;\"><b>beccuba.<\/b><\/span><\/u><\/a><a><u><span style=\"color: #000080; font-family: Times New Roman;\"><b>qc.ca<\/b><\/span><\/u><\/a><\/span><b> <\/b><\/p>\n<p><span lang=\"FR\"><b><span style=\"color: #000000; font-family: Times New Roman;\">\u00ab Relations actuelles Cuba-\u00c9tats -Unis\u00a0: R\u00e9sistance cubaine \u00e0 la guerre id\u00e9ologique et politique \u00e9tasunienne et perspectives sur le blocus\u00bb<\/span><\/b><\/span><\/p>\n<p><span lang=\"FR\"><span style=\"color: #000000; font-family: Times New Roman; font-size: medium;\"><br \/>\n<\/span> <\/span><span lang=\"FR\"><span style=\"color: #000000; font-family: Times New Roman; font-size: medium;\">Cette activit\u00e9 traitera de l\u2019historique des relations entre Cuba et les \u00c9tats-Unis du point de vue cubain. Beaucoup d\u2019attention sera donn\u00e9e aux plus r\u00e9centes n\u00e9gociations entre Cuba et les \u00c9tats-unis entam\u00e9es il y a moins d\u2019un an.\u00ad\u00ad<\/span><\/span><\/p>\n<p><span lang=\"FR\"><b><span style=\"color: #000000; font-family: Times New Roman; font-size: medium;\">Intervenants<\/span><\/b><\/span><\/p>\n<p><span lang=\"FR\"><span style=\"color: #000000; font-family: Times New Roman; font-size: medium;\">Arnold August, auteur et journaliste, Montr\u00e9al <\/span><\/span><\/p>\n<p><span lang=\"FR\"><span style=\"color: #000000; font-family: Times New Roman; font-size: medium;\"><br \/>\n<\/span><b><span style=\"color: #000000; font-family: Times New Roman; font-size: medium;\"> Conf\u00e9rence<\/span><\/b><\/span><\/p>\n<p><span lang=\"FR\"><span style=\"color: #000000; font-family: Times New Roman; font-size: medium;\">11 Ao\u00fbt 2016\u00a0 9h00 &#8211; 11h30<\/span><\/span><\/p>\n<p><span lang=\"FR\"><span style=\"color: #000000; font-family: Times New Roman; font-size: medium;\">C\u00e9gep du Vieux Montr\u00e9al (Local 4.82) A<br \/>\n255, rue Ontario E<br \/>\nMontr\u00e9al, Qc<\/p>\n<p>LIEN\u00a0:<\/span><\/span><\/p>\n<p><span lang=\"FR\"><a href=\"https:\/\/fsm2016.org\/activites\/relations-actuelles-cuba-etats-unis-resistance-cubaine-a-la-guerre-ideologiquepolitique-etasunienne\/\"><u><span style=\"color: #000080; font-family: Times New Roman; font-size: medium;\">https:\/\/fsm2016.org\/activites\/relations-actuelles-cuba-etats-unis-resistance-cubaine-a-la-guerre-ideologiquepolitique-etasunienne\/<\/span><\/u><\/a> <\/span><\/p>\n<p><span lang=\"FR\"><b><span style=\"color: #000000; font-family: Times New Roman;\">Table ronde : \u00ab En hommage \u00e0 Fidel Castro pour ses 90 ans , \u201cHomenaje a Fidel Castro en su 90 cumplea\u00f1os\u201d, \u201cA Tribute to Fidel Castro on his 90th Birthday\u201d<\/span><\/b><\/span><\/p>\n<p><span lang=\"FR\"><span style=\"color: #000000; font-family: Times New Roman; font-size: medium;\">\u00a0<\/span><\/span><\/p>\n<p><span lang=\"FR\"><span style=\"color: #000000; font-family: Times New Roman; font-size: medium;\">Ce 13 ao\u00fbt 2016, Fidel c\u00e9l\u00e8bre 90 ans d\u2019une vie qu\u2019il a assum\u00e9e comme peu d\u2019hommes sur cette plan\u00e8te. Sa stature de champion du d\u00e9veloppement humain et de la solidarit\u00e9 internationale a fait de Cuba un acteur significatif sur la sc\u00e8ne mondiale. Sa long\u00e9vit\u00e9 en a fait le dirigeant le plus exp\u00e9riment\u00e9 de la plan\u00e8te, un combattant infatigable pour toutes ces causes qui ont valeur universelle (pour l\u2019\u00e9ducation, la sant\u00e9, la paix, la solidarit\u00e9, la justice, l\u2019environnement\u00a0; contre l\u2019h\u00e9g\u00e9monisme, le pillage, le n\u00e9olib\u00e9ralisme). Fidel compte assur\u00e9ment parmi les hommes d\u2019exception. Cet anniversaire nous invite \u00e0 explorer certains aspects de son \u0153uvre et de sa personnalit\u00e9.<br \/>\nEste 13 de agosto de 2016, Fidel celebra 90 a\u00f1os de una vida que ha asumido como pocos hombres en este planeta. Su postura de palad\u00edn del desarrollo humano y de la solidaridad internacional hizo de Cuba un actor importante en la escena mundial. Su longevidad le ha convertido en el l\u00edder con m\u00e1s experiencia en el mundo, un luchador incansable por todas las causas que tienen un valor universal (en pro de la educaci\u00f3n, la salud, la paz, la solidaridad, la justicia, el medio ambiente\u00a0; en contra de la hegemonismo, el saqueo, el neoliberalismo). No cabe duda que Fidel cuenta entre los hombres excepcionales. Este aniversario llama a explorar ciertos aspectos de su obra y personalidad.<\/span><\/span><\/p>\n<p><span lang=\"FR\"><b><span style=\"color: #000000; font-family: Times New Roman; font-size: medium;\">Intervenants<\/span><\/b><\/span><\/p>\n<p><span lang=\"FR\"><span style=\"color: #000000; font-family: Times New Roman; font-size: medium;\">Claude Morin, Professeur honoraire, D\u00e9partement d&#8217;histoire, Universit\u00e9 de Montr\u00e9al<br \/>\nArnold August, auteur et journaliste, Montr\u00e9al<\/span><\/span><\/p>\n<p><span lang=\"FR\"><span style=\"color: #000000; font-family: Times New Roman; font-size: medium;\">\u00a0<\/span><\/span><\/p>\n<p><span lang=\"FR\"><b><span style=\"color: #000000; font-family: Times New Roman; font-size: medium;\">Table ronde<\/span><\/b><\/span><\/p>\n<p><span lang=\"FR\"><span style=\"color: #000000; font-family: Times New Roman; font-size: medium;\">12 Ao\u00fbt 2016\u00a0 9h00 &#8211; 11h30<\/span><\/span><\/p>\n<p><span lang=\"FR\"><span style=\"color: #000000; font-family: Times New Roman; font-size: medium;\">Universit\u00e9 du Qu\u00e9bec \u00e0 Montr\u00e9al \u2013 Pavillon SH (Local-2420)<br \/>\n200 rue Sherbrooke O<br \/>\nMontr\u00e9al, Qc, Montr\u00e9al, Canada<\/span><\/span><\/p>\n<p><span lang=\"FR\"><span style=\"color: #000000; font-family: Times New Roman; font-size: medium;\"><br \/>\nLIEN\u00a0:<\/span><\/span><\/p>\n<p><span lang=\"FR\"><a href=\"https:\/\/fsm2016.org\/en\/activites\/table-ronde-en-hommage-a-fidel-castro-pour-ses-90-ans-homenaje-a-fidel-castro-en-su-90-cumpleanos-a-tribute-to-fidel-castro-on-his-90th-birthday\/\"><u><span style=\"color: #000080; font-family: Times New Roman; font-size: medium;\">https:\/\/fsm2016.org\/en\/activites\/table-ronde-en-hommage-a-fidel-castro-pour-ses-90-ans-homenaje-a-fidel-castro-en-su-90-cumpleanos-a-tribute-to-fidel-castro-on-his-90th-birthday\/<\/span><\/u><\/a><span style=\"color: #000000; font-family: Times New Roman; font-size: medium;\">\u00a0 <\/span><\/span><\/p>\n<p><span lang=\"FR\"><span style=\"color: #000000; font-family: Times New Roman; font-size: medium;\"><br \/>\nOrganis\u00e9 par la Table de concertation de solidarit\u00e9 Qu\u00e9bec-Cuba<br \/>\nrenseignements\u00a0: 514-721-4527, <\/span><a><u><span style=\"color: #000080; font-family: Times New Roman; font-size: medium;\">info@solidaritequebeccuba.qc.ca<\/span><\/u><\/a> <\/span><\/p>\n","protected":false},"excerpt":{"rendered":"<p>Forum Social Mondial 2016 Montreal (Cuba) Ensemble un monde meilleur est possible Table de concertation de solidarit\u00e9 Qu\u00e9bec-Cuba info@solidaritequebeccuba.qc.ca \u00ab Relations actuelles Cuba-\u00c9tats -Unis\u00a0: R\u00e9sistance cubaine \u00e0 la guerre id\u00e9ologique <a class=\"more-link\" href=\"https:\/\/democracycuba.com\/Blog\/forum-social-mondial-2016-montreal-cuba\/\">Continue Reading &rarr;<\/a><\/p>\n","protected":false},"author":2,"featured_media":0,"comment_status":"open","ping_status":"closed","sticky":false,"template":"","format":"standard","meta":{"footnotes":""},"categories":[1],"tags":[4,7,28],"class_list":["post-399","post","type-post","status-publish","format-standard","hentry","category-uncategorized","tag-cuba","tag-fidel-castro","tag-relations-cuba-eu"],"yoast_head":"<!-- This site is optimized with the Yoast SEO plugin v27.3 - https:\/\/yoast.com\/product\/yoast-seo-wordpress\/ -->\n<title>Deux activit\u00e9s \u00e0 Montr\u00e9al sur Cuba - Forum Social Mondial -<\/title>\n<meta name=\"robots\" content=\"index, follow, max-snippet:-1, max-image-preview:large, max-video-preview:-1\" \/>\n<link rel=\"canonical\" href=\"https:\/\/democracycuba.com\/Blog\/forum-social-mondial-2016-montreal-cuba\/\" \/>\n<meta property=\"og:locale\" content=\"en_US\" \/>\n<meta property=\"og:type\" content=\"article\" \/>\n<meta property=\"og:title\" content=\"Deux activit\u00e9s \u00e0 Montr\u00e9al sur Cuba - Forum Social Mondial -\" \/>\n<meta property=\"og:description\" content=\"Forum Social Mondial 2016 Montreal (Cuba) Ensemble un monde meilleur est possible Table de concertation de solidarit\u00e9 Qu\u00e9bec-Cuba info@solidaritequebeccuba.qc.ca \u00ab Relations actuelles Cuba-\u00c9tats -Unis\u00a0: R\u00e9sistance cubaine \u00e0 la guerre id\u00e9ologique Continue Reading &rarr;\" \/>\n<meta property=\"og:url\" content=\"https:\/\/democracycuba.com\/Blog\/forum-social-mondial-2016-montreal-cuba\/\" \/>\n<meta property=\"article:published_time\" content=\"2016-08-04T23:14:01+00:00\" \/>\n<meta property=\"article:modified_time\" content=\"2018-06-28T15:31:11+00:00\" \/>\n<meta property=\"og:image\" content=\"https:\/\/democracycuba.com\/Blog\/wp-content\/uploads\/2016\/08\/Quebec-Cuba-Flags-1.png\" \/>\n<meta name=\"author\" content=\"Arnold August\" \/>\n<meta name=\"twitter:label1\" content=\"Written by\" \/>\n\t<meta name=\"twitter:data1\" content=\"Arnold August\" \/>\n\t<meta name=\"twitter:label2\" content=\"Est. reading time\" \/>\n\t<meta name=\"twitter:data2\" content=\"2 minutes\" \/>\n<script type=\"application\/ld+json\" class=\"yoast-schema-graph\">{\"@context\":\"https:\\\/\\\/schema.org\",\"@graph\":[{\"@type\":\"Article\",\"@id\":\"https:\\\/\\\/democracycuba.com\\\/Blog\\\/forum-social-mondial-2016-montreal-cuba\\\/#article\",\"isPartOf\":{\"@id\":\"https:\\\/\\\/democracycuba.com\\\/Blog\\\/forum-social-mondial-2016-montreal-cuba\\\/\"},\"author\":{\"name\":\"Arnold August\",\"@id\":\"https:\\\/\\\/democracycuba.com\\\/Blog\\\/#\\\/schema\\\/person\\\/0dbfd37e7267e77f93ec5b6ed1a80e0f\"},\"headline\":\"Deux activit\u00e9s \u00e0 Montr\u00e9al sur Cuba &#8211; Forum Social Mondial\",\"datePublished\":\"2016-08-04T23:14:01+00:00\",\"dateModified\":\"2018-06-28T15:31:11+00:00\",\"mainEntityOfPage\":{\"@id\":\"https:\\\/\\\/democracycuba.com\\\/Blog\\\/forum-social-mondial-2016-montreal-cuba\\\/\"},\"wordCount\":474,\"commentCount\":0,\"image\":{\"@id\":\"https:\\\/\\\/democracycuba.com\\\/Blog\\\/forum-social-mondial-2016-montreal-cuba\\\/#primaryimage\"},\"thumbnailUrl\":\"https:\\\/\\\/democracycuba.com\\\/Blog\\\/wp-content\\\/uploads\\\/2016\\\/08\\\/Quebec-Cuba-Flags-1.png\",\"keywords\":[\"Cuba\",\"Fidel Castro\",\"Relations Cuba EU\"],\"inLanguage\":\"en-US\",\"potentialAction\":[{\"@type\":\"CommentAction\",\"name\":\"Comment\",\"target\":[\"https:\\\/\\\/democracycuba.com\\\/Blog\\\/forum-social-mondial-2016-montreal-cuba\\\/#respond\"]}]},{\"@type\":\"WebPage\",\"@id\":\"https:\\\/\\\/democracycuba.com\\\/Blog\\\/forum-social-mondial-2016-montreal-cuba\\\/\",\"url\":\"https:\\\/\\\/democracycuba.com\\\/Blog\\\/forum-social-mondial-2016-montreal-cuba\\\/\",\"name\":\"Deux activit\u00e9s \u00e0 Montr\u00e9al sur Cuba - Forum Social Mondial -\",\"isPartOf\":{\"@id\":\"https:\\\/\\\/democracycuba.com\\\/Blog\\\/#website\"},\"primaryImageOfPage\":{\"@id\":\"https:\\\/\\\/democracycuba.com\\\/Blog\\\/forum-social-mondial-2016-montreal-cuba\\\/#primaryimage\"},\"image\":{\"@id\":\"https:\\\/\\\/democracycuba.com\\\/Blog\\\/forum-social-mondial-2016-montreal-cuba\\\/#primaryimage\"},\"thumbnailUrl\":\"https:\\\/\\\/democracycuba.com\\\/Blog\\\/wp-content\\\/uploads\\\/2016\\\/08\\\/Quebec-Cuba-Flags-1.png\",\"datePublished\":\"2016-08-04T23:14:01+00:00\",\"dateModified\":\"2018-06-28T15:31:11+00:00\",\"author\":{\"@id\":\"https:\\\/\\\/democracycuba.com\\\/Blog\\\/#\\\/schema\\\/person\\\/0dbfd37e7267e77f93ec5b6ed1a80e0f\"},\"breadcrumb\":{\"@id\":\"https:\\\/\\\/democracycuba.com\\\/Blog\\\/forum-social-mondial-2016-montreal-cuba\\\/#breadcrumb\"},\"inLanguage\":\"en-US\",\"potentialAction\":[{\"@type\":\"ReadAction\",\"target\":[\"https:\\\/\\\/democracycuba.com\\\/Blog\\\/forum-social-mondial-2016-montreal-cuba\\\/\"]}]},{\"@type\":\"ImageObject\",\"inLanguage\":\"en-US\",\"@id\":\"https:\\\/\\\/democracycuba.com\\\/Blog\\\/forum-social-mondial-2016-montreal-cuba\\\/#primaryimage\",\"url\":\"https:\\\/\\\/democracycuba.com\\\/Blog\\\/wp-content\\\/uploads\\\/2016\\\/08\\\/Quebec-Cuba-Flags-1.png\",\"contentUrl\":\"https:\\\/\\\/democracycuba.com\\\/Blog\\\/wp-content\\\/uploads\\\/2016\\\/08\\\/Quebec-Cuba-Flags-1.png\"},{\"@type\":\"BreadcrumbList\",\"@id\":\"https:\\\/\\\/democracycuba.com\\\/Blog\\\/forum-social-mondial-2016-montreal-cuba\\\/#breadcrumb\",\"itemListElement\":[{\"@type\":\"ListItem\",\"position\":1,\"name\":\"Home\",\"item\":\"https:\\\/\\\/democracycuba.com\\\/Blog\\\/\"},{\"@type\":\"ListItem\",\"position\":2,\"name\":\"Deux activit\u00e9s \u00e0 Montr\u00e9al sur Cuba &#8211; Forum Social Mondial\"}]},{\"@type\":\"WebSite\",\"@id\":\"https:\\\/\\\/democracycuba.com\\\/Blog\\\/#website\",\"url\":\"https:\\\/\\\/democracycuba.com\\\/Blog\\\/\",\"name\":\"\",\"description\":\"\",\"potentialAction\":[{\"@type\":\"SearchAction\",\"target\":{\"@type\":\"EntryPoint\",\"urlTemplate\":\"https:\\\/\\\/democracycuba.com\\\/Blog\\\/?s={search_term_string}\"},\"query-input\":{\"@type\":\"PropertyValueSpecification\",\"valueRequired\":true,\"valueName\":\"search_term_string\"}}],\"inLanguage\":\"en-US\"},{\"@type\":\"Person\",\"@id\":\"https:\\\/\\\/democracycuba.com\\\/Blog\\\/#\\\/schema\\\/person\\\/0dbfd37e7267e77f93ec5b6ed1a80e0f\",\"name\":\"Arnold August\",\"image\":{\"@type\":\"ImageObject\",\"inLanguage\":\"en-US\",\"@id\":\"https:\\\/\\\/democracycuba.com\\\/Blog\\\/wp-content\\\/uploads\\\/2014\\\/10\\\/L2TSG-S3MMWRD_AugustA_01-96x96.jpg\",\"url\":\"https:\\\/\\\/democracycuba.com\\\/Blog\\\/wp-content\\\/uploads\\\/2014\\\/10\\\/L2TSG-S3MMWRD_AugustA_01-96x96.jpg\",\"contentUrl\":\"https:\\\/\\\/democracycuba.com\\\/Blog\\\/wp-content\\\/uploads\\\/2014\\\/10\\\/L2TSG-S3MMWRD_AugustA_01-96x96.jpg\",\"caption\":\"Arnold August\"},\"sameAs\":[\"http:\\\/\\\/democracycuba.com\",\"https:\\\/\\\/x.com\\\/Arnold_August\"],\"url\":\"https:\\\/\\\/democracycuba.com\\\/Blog\\\/author\\\/arnld1014\\\/\"}]}<\/script>\n<!-- \/ Yoast SEO plugin. -->","yoast_head_json":{"title":"Deux activit\u00e9s \u00e0 Montr\u00e9al sur Cuba - Forum Social Mondial -","robots":{"index":"index","follow":"follow","max-snippet":"max-snippet:-1","max-image-preview":"max-image-preview:large","max-video-preview":"max-video-preview:-1"},"canonical":"https:\/\/democracycuba.com\/Blog\/forum-social-mondial-2016-montreal-cuba\/","og_locale":"en_US","og_type":"article","og_title":"Deux activit\u00e9s \u00e0 Montr\u00e9al sur Cuba - Forum Social Mondial -","og_description":"Forum Social Mondial 2016 Montreal (Cuba) Ensemble un monde meilleur est possible Table de concertation de solidarit\u00e9 Qu\u00e9bec-Cuba info@solidaritequebeccuba.qc.ca \u00ab Relations actuelles Cuba-\u00c9tats -Unis\u00a0: R\u00e9sistance cubaine \u00e0 la guerre id\u00e9ologique Continue Reading &rarr;","og_url":"https:\/\/democracycuba.com\/Blog\/forum-social-mondial-2016-montreal-cuba\/","article_published_time":"2016-08-04T23:14:01+00:00","article_modified_time":"2018-06-28T15:31:11+00:00","og_image":[{"url":"https:\/\/democracycuba.com\/Blog\/wp-content\/uploads\/2016\/08\/Quebec-Cuba-Flags-1.png","type":"","width":"","height":""}],"author":"Arnold August","twitter_misc":{"Written by":"Arnold August","Est. reading time":"2 minutes"},"schema":{"@context":"https:\/\/schema.org","@graph":[{"@type":"Article","@id":"https:\/\/democracycuba.com\/Blog\/forum-social-mondial-2016-montreal-cuba\/#article","isPartOf":{"@id":"https:\/\/democracycuba.com\/Blog\/forum-social-mondial-2016-montreal-cuba\/"},"author":{"name":"Arnold August","@id":"https:\/\/democracycuba.com\/Blog\/#\/schema\/person\/0dbfd37e7267e77f93ec5b6ed1a80e0f"},"headline":"Deux activit\u00e9s \u00e0 Montr\u00e9al sur Cuba &#8211; Forum Social Mondial","datePublished":"2016-08-04T23:14:01+00:00","dateModified":"2018-06-28T15:31:11+00:00","mainEntityOfPage":{"@id":"https:\/\/democracycuba.com\/Blog\/forum-social-mondial-2016-montreal-cuba\/"},"wordCount":474,"commentCount":0,"image":{"@id":"https:\/\/democracycuba.com\/Blog\/forum-social-mondial-2016-montreal-cuba\/#primaryimage"},"thumbnailUrl":"https:\/\/democracycuba.com\/Blog\/wp-content\/uploads\/2016\/08\/Quebec-Cuba-Flags-1.png","keywords":["Cuba","Fidel Castro","Relations Cuba EU"],"inLanguage":"en-US","potentialAction":[{"@type":"CommentAction","name":"Comment","target":["https:\/\/democracycuba.com\/Blog\/forum-social-mondial-2016-montreal-cuba\/#respond"]}]},{"@type":"WebPage","@id":"https:\/\/democracycuba.com\/Blog\/forum-social-mondial-2016-montreal-cuba\/","url":"https:\/\/democracycuba.com\/Blog\/forum-social-mondial-2016-montreal-cuba\/","name":"Deux activit\u00e9s \u00e0 Montr\u00e9al sur Cuba - Forum Social Mondial -","isPartOf":{"@id":"https:\/\/democracycuba.com\/Blog\/#website"},"primaryImageOfPage":{"@id":"https:\/\/democracycuba.com\/Blog\/forum-social-mondial-2016-montreal-cuba\/#primaryimage"},"image":{"@id":"https:\/\/democracycuba.com\/Blog\/forum-social-mondial-2016-montreal-cuba\/#primaryimage"},"thumbnailUrl":"https:\/\/democracycuba.com\/Blog\/wp-content\/uploads\/2016\/08\/Quebec-Cuba-Flags-1.png","datePublished":"2016-08-04T23:14:01+00:00","dateModified":"2018-06-28T15:31:11+00:00","author":{"@id":"https:\/\/democracycuba.com\/Blog\/#\/schema\/person\/0dbfd37e7267e77f93ec5b6ed1a80e0f"},"breadcrumb":{"@id":"https:\/\/democracycuba.com\/Blog\/forum-social-mondial-2016-montreal-cuba\/#breadcrumb"},"inLanguage":"en-US","potentialAction":[{"@type":"ReadAction","target":["https:\/\/democracycuba.com\/Blog\/forum-social-mondial-2016-montreal-cuba\/"]}]},{"@type":"ImageObject","inLanguage":"en-US","@id":"https:\/\/democracycuba.com\/Blog\/forum-social-mondial-2016-montreal-cuba\/#primaryimage","url":"https:\/\/democracycuba.com\/Blog\/wp-content\/uploads\/2016\/08\/Quebec-Cuba-Flags-1.png","contentUrl":"https:\/\/democracycuba.com\/Blog\/wp-content\/uploads\/2016\/08\/Quebec-Cuba-Flags-1.png"},{"@type":"BreadcrumbList","@id":"https:\/\/democracycuba.com\/Blog\/forum-social-mondial-2016-montreal-cuba\/#breadcrumb","itemListElement":[{"@type":"ListItem","position":1,"name":"Home","item":"https:\/\/democracycuba.com\/Blog\/"},{"@type":"ListItem","position":2,"name":"Deux activit\u00e9s \u00e0 Montr\u00e9al sur Cuba &#8211; Forum Social Mondial"}]},{"@type":"WebSite","@id":"https:\/\/democracycuba.com\/Blog\/#website","url":"https:\/\/democracycuba.com\/Blog\/","name":"","description":"","potentialAction":[{"@type":"SearchAction","target":{"@type":"EntryPoint","urlTemplate":"https:\/\/democracycuba.com\/Blog\/?s={search_term_string}"},"query-input":{"@type":"PropertyValueSpecification","valueRequired":true,"valueName":"search_term_string"}}],"inLanguage":"en-US"},{"@type":"Person","@id":"https:\/\/democracycuba.com\/Blog\/#\/schema\/person\/0dbfd37e7267e77f93ec5b6ed1a80e0f","name":"Arnold August","image":{"@type":"ImageObject","inLanguage":"en-US","@id":"https:\/\/democracycuba.com\/Blog\/wp-content\/uploads\/2014\/10\/L2TSG-S3MMWRD_AugustA_01-96x96.jpg","url":"https:\/\/democracycuba.com\/Blog\/wp-content\/uploads\/2014\/10\/L2TSG-S3MMWRD_AugustA_01-96x96.jpg","contentUrl":"https:\/\/democracycuba.com\/Blog\/wp-content\/uploads\/2014\/10\/L2TSG-S3MMWRD_AugustA_01-96x96.jpg","caption":"Arnold August"},"sameAs":["http:\/\/democracycuba.com","https:\/\/x.com\/Arnold_August"],"url":"https:\/\/democracycuba.com\/Blog\/author\/arnld1014\/"}]}},"_links":{"self":[{"href":"https:\/\/democracycuba.com\/Blog\/wp-json\/wp\/v2\/posts\/399","targetHints":{"allow":["GET"]}}],"collection":[{"href":"https:\/\/democracycuba.com\/Blog\/wp-json\/wp\/v2\/posts"}],"about":[{"href":"https:\/\/democracycuba.com\/Blog\/wp-json\/wp\/v2\/types\/post"}],"author":[{"embeddable":true,"href":"https:\/\/democracycuba.com\/Blog\/wp-json\/wp\/v2\/users\/2"}],"replies":[{"embeddable":true,"href":"https:\/\/democracycuba.com\/Blog\/wp-json\/wp\/v2\/comments?post=399"}],"version-history":[{"count":3,"href":"https:\/\/democracycuba.com\/Blog\/wp-json\/wp\/v2\/posts\/399\/revisions"}],"predecessor-version":[{"id":487,"href":"https:\/\/democracycuba.com\/Blog\/wp-json\/wp\/v2\/posts\/399\/revisions\/487"}],"wp:attachment":[{"href":"https:\/\/democracycuba.com\/Blog\/wp-json\/wp\/v2\/media?parent=399"}],"wp:term":[{"taxonomy":"category","embeddable":true,"href":"https:\/\/democracycuba.com\/Blog\/wp-json\/wp\/v2\/categories?post=399"},{"taxonomy":"post_tag","embeddable":true,"href":"https:\/\/democracycuba.com\/Blog\/wp-json\/wp\/v2\/tags?post=399"}],"curies":[{"name":"wp","href":"https:\/\/api.w.org\/{rel}","templated":true}]}}