{"id":413,"date":"2016-08-11T11:33:53","date_gmt":"2016-08-11T11:33:53","guid":{"rendered":"http:\/\/democracycuba.com\/Blog\/?p=413"},"modified":"2018-06-28T15:29:58","modified_gmt":"2018-06-28T15:29:58","slug":"fidel-dignitarios-de-cuba-y-venezuela-en-al-foro-social-mundial-en-montreal-para-marcar-los-90-de-fidel","status":"publish","type":"post","link":"https:\/\/democracycuba.com\/Blog\/fidel-dignitarios-de-cuba-y-venezuela-en-al-foro-social-mundial-en-montreal-para-marcar-los-90-de-fidel\/","title":{"rendered":"Dignitarios de Cuba y Venezuela en al Foro Social Mundial en Montreal para Marcar los 90 de Fidel"},"content":{"rendered":"<p><strong>Dignitarios de Cuba y Venezuela en al Foro Social Mundial en Montreal para Marcar los 90 de Fidel<\/strong><\/p>\n<p>Miguel Barnet<\/p>\n<p><a href=\"https:\/\/democracycuba.com\/Blog\/wp-content\/uploads\/2016\/08\/Miguel.jpg\"><img loading=\"lazy\" decoding=\"async\" class=\"alignnone size-medium wp-image-414\" src=\"https:\/\/democracycuba.com\/Blog\/wp-content\/uploads\/2016\/08\/Miguel-300x225.jpg\" alt=\"Miguel\" width=\"300\" height=\"225\" srcset=\"https:\/\/democracycuba.com\/Blog\/wp-content\/uploads\/2016\/08\/Miguel-300x225.jpg 300w, https:\/\/democracycuba.com\/Blog\/wp-content\/uploads\/2016\/08\/Miguel.jpg 700w\" sizes=\"auto, (max-width: 300px) 100vw, 300px\" \/><\/a><\/p>\n<p>Uno es Miguel Barnet. Seg\u00fan los organizadores del panel Barnet es un poeta, narrador, ensayista, etn\u00f3logo y pol\u00edtico Cubano, presidente de la Uni\u00f3n de Escritores y Artistas de Cuba (UNEAC). Es adem\u00e1s miembro del Comit\u00e9 Central del Partido Comunista de Cuba, diputado a la Asamblea Nacional y miembro del Consejo de Estado.<\/p>\n<p>Por la Embajada de la Rep\u00fablica de Cuba en Ottawa, Canad\u00e1 asistir\u00e1n Ofelia Perera, consejera comercial y encargada de negocios y Jes\u00fas Padilla, agregado comercial. Por el Consulado Cuba en Montreal, ser\u00e1n \u00a0presente Alain Gonz\u00e1les Gonz\u00e1les, Consul General de Cuba en Montreal y Jorge J. Llorens, asistente del C\u00f3nsul General de Cuba en Montreal.<\/p>\n<p>&nbsp;<\/p>\n<p>Por parte de la Rep\u00fablica Bolivariana de Venezuela, ser\u00e1n presente el Embajador Wilmer Omar Barrientos, el Diputado en la Asamblea Nacional de Venezuela por la PSUV, Francisco Alejandro Torrealba que es tambi\u00e9n Vice Presidente de la Central Bolivariana Socialista de Trabajadores de Venezuela (CBST) y Esther Madrid, C\u00f3nsul de Segunda de la Republica Bolivariana de Venezuela en Montreal.<\/p>\n<p>Despu\u00e9s de las presentaciones de Dr. Claude Morin y Arnold August, Miguel Barnet, Embajador Wilmer Omar Barrientos, Francisco Alejandro Torrealba y Alain Gonz\u00e1les Gonz\u00e1les har\u00e1n algunas observaciones. La p\u00fablica har\u00e1 la posibilidad de\u00a0formular preguntas\u00a0a los participantes.<\/p>\n<p><strong>Vendredi\/Friday\/Viernes, 12 Ao\u00fbt\/August,<\/strong><strong>\u00a0 <\/strong><strong>9h00 \u2013 11h30<\/strong><\/p>\n<p><strong>Universit\u00e9 du Qu\u00e9bec \u00e0 Montr\u00e9al \u2013 Pavillon SH (Local-2420) 200 rue Sherbrooke O Montr\u00e9al<\/strong><\/p>\n<p><a href=\"https:\/\/fsm2016.org\/en\/activites\/table-ronde-en-hommage-a-fidel-castro-pour-ses-90-ans-homenaje-a-fidel-castro-en-su-90-cumpleanos-a-tribute-to-fidel-castro-on-his-90th-birthday\/\">https:\/\/fsm2016.org\/en\/activites\/table-ronde-en-hommage-a-fidel-castro-pour-ses-90-ans-homenaje-a-fidel-castro-en-su-90-cumpleanos-a-tribute-to-fidel-castro-on-his-90th-birthday\/<\/a><\/p>\n<p>&nbsp;<\/p>\n<p>&nbsp;<\/p>\n","protected":false},"excerpt":{"rendered":"<p>Dignitarios de Cuba y Venezuela en al Foro Social Mundial en Montreal para Marcar los 90 de Fidel Miguel Barnet Uno es Miguel Barnet. Seg\u00fan los organizadores del panel Barnet <a class=\"more-link\" href=\"https:\/\/democracycuba.com\/Blog\/fidel-dignitarios-de-cuba-y-venezuela-en-al-foro-social-mundial-en-montreal-para-marcar-los-90-de-fidel\/\">Continue Reading &rarr;<\/a><\/p>\n","protected":false},"author":2,"featured_media":0,"comment_status":"closed","ping_status":"closed","sticky":false,"template":"","format":"standard","meta":{"footnotes":""},"categories":[1],"tags":[],"class_list":["post-413","post","type-post","status-publish","format-standard","hentry","category-uncategorized"],"yoast_head":"<!-- This site is optimized with the Yoast SEO plugin v27.3 - https:\/\/yoast.com\/product\/yoast-seo-wordpress\/ -->\n<title>Dignitarios de Cuba y Venezuela en al Foro Social Mundial en Montreal para Marcar los 90 de Fidel -<\/title>\n<meta name=\"robots\" content=\"index, follow, max-snippet:-1, max-image-preview:large, max-video-preview:-1\" \/>\n<link rel=\"canonical\" href=\"https:\/\/democracycuba.com\/Blog\/fidel-dignitarios-de-cuba-y-venezuela-en-al-foro-social-mundial-en-montreal-para-marcar-los-90-de-fidel\/\" \/>\n<meta property=\"og:locale\" content=\"en_US\" \/>\n<meta property=\"og:type\" content=\"article\" \/>\n<meta property=\"og:title\" content=\"Dignitarios de Cuba y Venezuela en al Foro Social Mundial en Montreal para Marcar los 90 de Fidel -\" \/>\n<meta property=\"og:description\" content=\"Dignitarios de Cuba y Venezuela en al Foro Social Mundial en Montreal para Marcar los 90 de Fidel Miguel Barnet Uno es Miguel Barnet. Seg\u00fan los organizadores del panel Barnet Continue Reading &rarr;\" \/>\n<meta property=\"og:url\" content=\"https:\/\/democracycuba.com\/Blog\/fidel-dignitarios-de-cuba-y-venezuela-en-al-foro-social-mundial-en-montreal-para-marcar-los-90-de-fidel\/\" \/>\n<meta property=\"article:published_time\" content=\"2016-08-11T11:33:53+00:00\" \/>\n<meta property=\"article:modified_time\" content=\"2018-06-28T15:29:58+00:00\" \/>\n<meta property=\"og:image\" content=\"https:\/\/democracycuba.com\/Blog\/wp-content\/uploads\/2016\/08\/Miguel-300x225.jpg\" \/>\n<meta name=\"author\" content=\"Arnold August\" \/>\n<meta name=\"twitter:label1\" content=\"Written by\" \/>\n\t<meta name=\"twitter:data1\" content=\"Arnold August\" \/>\n\t<meta name=\"twitter:label2\" content=\"Est. reading time\" \/>\n\t<meta name=\"twitter:data2\" content=\"1 minute\" \/>\n<script type=\"application\/ld+json\" class=\"yoast-schema-graph\">{\"@context\":\"https:\\\/\\\/schema.org\",\"@graph\":[{\"@type\":\"Article\",\"@id\":\"https:\\\/\\\/democracycuba.com\\\/Blog\\\/fidel-dignitarios-de-cuba-y-venezuela-en-al-foro-social-mundial-en-montreal-para-marcar-los-90-de-fidel\\\/#article\",\"isPartOf\":{\"@id\":\"https:\\\/\\\/democracycuba.com\\\/Blog\\\/fidel-dignitarios-de-cuba-y-venezuela-en-al-foro-social-mundial-en-montreal-para-marcar-los-90-de-fidel\\\/\"},\"author\":{\"name\":\"Arnold August\",\"@id\":\"https:\\\/\\\/democracycuba.com\\\/Blog\\\/#\\\/schema\\\/person\\\/0dbfd37e7267e77f93ec5b6ed1a80e0f\"},\"headline\":\"Dignitarios de Cuba y Venezuela en al Foro Social Mundial en Montreal para Marcar los 90 de Fidel\",\"datePublished\":\"2016-08-11T11:33:53+00:00\",\"dateModified\":\"2018-06-28T15:29:58+00:00\",\"mainEntityOfPage\":{\"@id\":\"https:\\\/\\\/democracycuba.com\\\/Blog\\\/fidel-dignitarios-de-cuba-y-venezuela-en-al-foro-social-mundial-en-montreal-para-marcar-los-90-de-fidel\\\/\"},\"wordCount\":293,\"image\":{\"@id\":\"https:\\\/\\\/democracycuba.com\\\/Blog\\\/fidel-dignitarios-de-cuba-y-venezuela-en-al-foro-social-mundial-en-montreal-para-marcar-los-90-de-fidel\\\/#primaryimage\"},\"thumbnailUrl\":\"https:\\\/\\\/democracycuba.com\\\/Blog\\\/wp-content\\\/uploads\\\/2016\\\/08\\\/Miguel-300x225.jpg\",\"inLanguage\":\"en-US\"},{\"@type\":\"WebPage\",\"@id\":\"https:\\\/\\\/democracycuba.com\\\/Blog\\\/fidel-dignitarios-de-cuba-y-venezuela-en-al-foro-social-mundial-en-montreal-para-marcar-los-90-de-fidel\\\/\",\"url\":\"https:\\\/\\\/democracycuba.com\\\/Blog\\\/fidel-dignitarios-de-cuba-y-venezuela-en-al-foro-social-mundial-en-montreal-para-marcar-los-90-de-fidel\\\/\",\"name\":\"Dignitarios de Cuba y Venezuela en al Foro Social Mundial en Montreal para Marcar los 90 de Fidel -\",\"isPartOf\":{\"@id\":\"https:\\\/\\\/democracycuba.com\\\/Blog\\\/#website\"},\"primaryImageOfPage\":{\"@id\":\"https:\\\/\\\/democracycuba.com\\\/Blog\\\/fidel-dignitarios-de-cuba-y-venezuela-en-al-foro-social-mundial-en-montreal-para-marcar-los-90-de-fidel\\\/#primaryimage\"},\"image\":{\"@id\":\"https:\\\/\\\/democracycuba.com\\\/Blog\\\/fidel-dignitarios-de-cuba-y-venezuela-en-al-foro-social-mundial-en-montreal-para-marcar-los-90-de-fidel\\\/#primaryimage\"},\"thumbnailUrl\":\"https:\\\/\\\/democracycuba.com\\\/Blog\\\/wp-content\\\/uploads\\\/2016\\\/08\\\/Miguel-300x225.jpg\",\"datePublished\":\"2016-08-11T11:33:53+00:00\",\"dateModified\":\"2018-06-28T15:29:58+00:00\",\"author\":{\"@id\":\"https:\\\/\\\/democracycuba.com\\\/Blog\\\/#\\\/schema\\\/person\\\/0dbfd37e7267e77f93ec5b6ed1a80e0f\"},\"breadcrumb\":{\"@id\":\"https:\\\/\\\/democracycuba.com\\\/Blog\\\/fidel-dignitarios-de-cuba-y-venezuela-en-al-foro-social-mundial-en-montreal-para-marcar-los-90-de-fidel\\\/#breadcrumb\"},\"inLanguage\":\"en-US\",\"potentialAction\":[{\"@type\":\"ReadAction\",\"target\":[\"https:\\\/\\\/democracycuba.com\\\/Blog\\\/fidel-dignitarios-de-cuba-y-venezuela-en-al-foro-social-mundial-en-montreal-para-marcar-los-90-de-fidel\\\/\"]}]},{\"@type\":\"ImageObject\",\"inLanguage\":\"en-US\",\"@id\":\"https:\\\/\\\/democracycuba.com\\\/Blog\\\/fidel-dignitarios-de-cuba-y-venezuela-en-al-foro-social-mundial-en-montreal-para-marcar-los-90-de-fidel\\\/#primaryimage\",\"url\":\"https:\\\/\\\/democracycuba.com\\\/Blog\\\/wp-content\\\/uploads\\\/2016\\\/08\\\/Miguel.jpg\",\"contentUrl\":\"https:\\\/\\\/democracycuba.com\\\/Blog\\\/wp-content\\\/uploads\\\/2016\\\/08\\\/Miguel.jpg\",\"width\":700,\"height\":525},{\"@type\":\"BreadcrumbList\",\"@id\":\"https:\\\/\\\/democracycuba.com\\\/Blog\\\/fidel-dignitarios-de-cuba-y-venezuela-en-al-foro-social-mundial-en-montreal-para-marcar-los-90-de-fidel\\\/#breadcrumb\",\"itemListElement\":[{\"@type\":\"ListItem\",\"position\":1,\"name\":\"Home\",\"item\":\"https:\\\/\\\/democracycuba.com\\\/Blog\\\/\"},{\"@type\":\"ListItem\",\"position\":2,\"name\":\"Dignitarios de Cuba y Venezuela en al Foro Social Mundial en Montreal para Marcar los 90 de Fidel\"}]},{\"@type\":\"WebSite\",\"@id\":\"https:\\\/\\\/democracycuba.com\\\/Blog\\\/#website\",\"url\":\"https:\\\/\\\/democracycuba.com\\\/Blog\\\/\",\"name\":\"\",\"description\":\"\",\"potentialAction\":[{\"@type\":\"SearchAction\",\"target\":{\"@type\":\"EntryPoint\",\"urlTemplate\":\"https:\\\/\\\/democracycuba.com\\\/Blog\\\/?s={search_term_string}\"},\"query-input\":{\"@type\":\"PropertyValueSpecification\",\"valueRequired\":true,\"valueName\":\"search_term_string\"}}],\"inLanguage\":\"en-US\"},{\"@type\":\"Person\",\"@id\":\"https:\\\/\\\/democracycuba.com\\\/Blog\\\/#\\\/schema\\\/person\\\/0dbfd37e7267e77f93ec5b6ed1a80e0f\",\"name\":\"Arnold August\",\"image\":{\"@type\":\"ImageObject\",\"inLanguage\":\"en-US\",\"@id\":\"https:\\\/\\\/democracycuba.com\\\/Blog\\\/wp-content\\\/uploads\\\/2014\\\/10\\\/L2TSG-S3MMWRD_AugustA_01-96x96.jpg\",\"url\":\"https:\\\/\\\/democracycuba.com\\\/Blog\\\/wp-content\\\/uploads\\\/2014\\\/10\\\/L2TSG-S3MMWRD_AugustA_01-96x96.jpg\",\"contentUrl\":\"https:\\\/\\\/democracycuba.com\\\/Blog\\\/wp-content\\\/uploads\\\/2014\\\/10\\\/L2TSG-S3MMWRD_AugustA_01-96x96.jpg\",\"caption\":\"Arnold August\"},\"sameAs\":[\"http:\\\/\\\/democracycuba.com\",\"https:\\\/\\\/x.com\\\/Arnold_August\"],\"url\":\"https:\\\/\\\/democracycuba.com\\\/Blog\\\/author\\\/arnld1014\\\/\"}]}<\/script>\n<!-- \/ Yoast SEO plugin. -->","yoast_head_json":{"title":"Dignitarios de Cuba y Venezuela en al Foro Social Mundial en Montreal para Marcar los 90 de Fidel -","robots":{"index":"index","follow":"follow","max-snippet":"max-snippet:-1","max-image-preview":"max-image-preview:large","max-video-preview":"max-video-preview:-1"},"canonical":"https:\/\/democracycuba.com\/Blog\/fidel-dignitarios-de-cuba-y-venezuela-en-al-foro-social-mundial-en-montreal-para-marcar-los-90-de-fidel\/","og_locale":"en_US","og_type":"article","og_title":"Dignitarios de Cuba y Venezuela en al Foro Social Mundial en Montreal para Marcar los 90 de Fidel -","og_description":"Dignitarios de Cuba y Venezuela en al Foro Social Mundial en Montreal para Marcar los 90 de Fidel Miguel Barnet Uno es Miguel Barnet. Seg\u00fan los organizadores del panel Barnet Continue Reading &rarr;","og_url":"https:\/\/democracycuba.com\/Blog\/fidel-dignitarios-de-cuba-y-venezuela-en-al-foro-social-mundial-en-montreal-para-marcar-los-90-de-fidel\/","article_published_time":"2016-08-11T11:33:53+00:00","article_modified_time":"2018-06-28T15:29:58+00:00","og_image":[{"url":"https:\/\/democracycuba.com\/Blog\/wp-content\/uploads\/2016\/08\/Miguel-300x225.jpg","type":"","width":"","height":""}],"author":"Arnold August","twitter_misc":{"Written by":"Arnold August","Est. reading time":"1 minute"},"schema":{"@context":"https:\/\/schema.org","@graph":[{"@type":"Article","@id":"https:\/\/democracycuba.com\/Blog\/fidel-dignitarios-de-cuba-y-venezuela-en-al-foro-social-mundial-en-montreal-para-marcar-los-90-de-fidel\/#article","isPartOf":{"@id":"https:\/\/democracycuba.com\/Blog\/fidel-dignitarios-de-cuba-y-venezuela-en-al-foro-social-mundial-en-montreal-para-marcar-los-90-de-fidel\/"},"author":{"name":"Arnold August","@id":"https:\/\/democracycuba.com\/Blog\/#\/schema\/person\/0dbfd37e7267e77f93ec5b6ed1a80e0f"},"headline":"Dignitarios de Cuba y Venezuela en al Foro Social Mundial en Montreal para Marcar los 90 de Fidel","datePublished":"2016-08-11T11:33:53+00:00","dateModified":"2018-06-28T15:29:58+00:00","mainEntityOfPage":{"@id":"https:\/\/democracycuba.com\/Blog\/fidel-dignitarios-de-cuba-y-venezuela-en-al-foro-social-mundial-en-montreal-para-marcar-los-90-de-fidel\/"},"wordCount":293,"image":{"@id":"https:\/\/democracycuba.com\/Blog\/fidel-dignitarios-de-cuba-y-venezuela-en-al-foro-social-mundial-en-montreal-para-marcar-los-90-de-fidel\/#primaryimage"},"thumbnailUrl":"https:\/\/democracycuba.com\/Blog\/wp-content\/uploads\/2016\/08\/Miguel-300x225.jpg","inLanguage":"en-US"},{"@type":"WebPage","@id":"https:\/\/democracycuba.com\/Blog\/fidel-dignitarios-de-cuba-y-venezuela-en-al-foro-social-mundial-en-montreal-para-marcar-los-90-de-fidel\/","url":"https:\/\/democracycuba.com\/Blog\/fidel-dignitarios-de-cuba-y-venezuela-en-al-foro-social-mundial-en-montreal-para-marcar-los-90-de-fidel\/","name":"Dignitarios de Cuba y Venezuela en al Foro Social Mundial en Montreal para Marcar los 90 de Fidel -","isPartOf":{"@id":"https:\/\/democracycuba.com\/Blog\/#website"},"primaryImageOfPage":{"@id":"https:\/\/democracycuba.com\/Blog\/fidel-dignitarios-de-cuba-y-venezuela-en-al-foro-social-mundial-en-montreal-para-marcar-los-90-de-fidel\/#primaryimage"},"image":{"@id":"https:\/\/democracycuba.com\/Blog\/fidel-dignitarios-de-cuba-y-venezuela-en-al-foro-social-mundial-en-montreal-para-marcar-los-90-de-fidel\/#primaryimage"},"thumbnailUrl":"https:\/\/democracycuba.com\/Blog\/wp-content\/uploads\/2016\/08\/Miguel-300x225.jpg","datePublished":"2016-08-11T11:33:53+00:00","dateModified":"2018-06-28T15:29:58+00:00","author":{"@id":"https:\/\/democracycuba.com\/Blog\/#\/schema\/person\/0dbfd37e7267e77f93ec5b6ed1a80e0f"},"breadcrumb":{"@id":"https:\/\/democracycuba.com\/Blog\/fidel-dignitarios-de-cuba-y-venezuela-en-al-foro-social-mundial-en-montreal-para-marcar-los-90-de-fidel\/#breadcrumb"},"inLanguage":"en-US","potentialAction":[{"@type":"ReadAction","target":["https:\/\/democracycuba.com\/Blog\/fidel-dignitarios-de-cuba-y-venezuela-en-al-foro-social-mundial-en-montreal-para-marcar-los-90-de-fidel\/"]}]},{"@type":"ImageObject","inLanguage":"en-US","@id":"https:\/\/democracycuba.com\/Blog\/fidel-dignitarios-de-cuba-y-venezuela-en-al-foro-social-mundial-en-montreal-para-marcar-los-90-de-fidel\/#primaryimage","url":"https:\/\/democracycuba.com\/Blog\/wp-content\/uploads\/2016\/08\/Miguel.jpg","contentUrl":"https:\/\/democracycuba.com\/Blog\/wp-content\/uploads\/2016\/08\/Miguel.jpg","width":700,"height":525},{"@type":"BreadcrumbList","@id":"https:\/\/democracycuba.com\/Blog\/fidel-dignitarios-de-cuba-y-venezuela-en-al-foro-social-mundial-en-montreal-para-marcar-los-90-de-fidel\/#breadcrumb","itemListElement":[{"@type":"ListItem","position":1,"name":"Home","item":"https:\/\/democracycuba.com\/Blog\/"},{"@type":"ListItem","position":2,"name":"Dignitarios de Cuba y Venezuela en al Foro Social Mundial en Montreal para Marcar los 90 de Fidel"}]},{"@type":"WebSite","@id":"https:\/\/democracycuba.com\/Blog\/#website","url":"https:\/\/democracycuba.com\/Blog\/","name":"","description":"","potentialAction":[{"@type":"SearchAction","target":{"@type":"EntryPoint","urlTemplate":"https:\/\/democracycuba.com\/Blog\/?s={search_term_string}"},"query-input":{"@type":"PropertyValueSpecification","valueRequired":true,"valueName":"search_term_string"}}],"inLanguage":"en-US"},{"@type":"Person","@id":"https:\/\/democracycuba.com\/Blog\/#\/schema\/person\/0dbfd37e7267e77f93ec5b6ed1a80e0f","name":"Arnold August","image":{"@type":"ImageObject","inLanguage":"en-US","@id":"https:\/\/democracycuba.com\/Blog\/wp-content\/uploads\/2014\/10\/L2TSG-S3MMWRD_AugustA_01-96x96.jpg","url":"https:\/\/democracycuba.com\/Blog\/wp-content\/uploads\/2014\/10\/L2TSG-S3MMWRD_AugustA_01-96x96.jpg","contentUrl":"https:\/\/democracycuba.com\/Blog\/wp-content\/uploads\/2014\/10\/L2TSG-S3MMWRD_AugustA_01-96x96.jpg","caption":"Arnold August"},"sameAs":["http:\/\/democracycuba.com","https:\/\/x.com\/Arnold_August"],"url":"https:\/\/democracycuba.com\/Blog\/author\/arnld1014\/"}]}},"_links":{"self":[{"href":"https:\/\/democracycuba.com\/Blog\/wp-json\/wp\/v2\/posts\/413","targetHints":{"allow":["GET"]}}],"collection":[{"href":"https:\/\/democracycuba.com\/Blog\/wp-json\/wp\/v2\/posts"}],"about":[{"href":"https:\/\/democracycuba.com\/Blog\/wp-json\/wp\/v2\/types\/post"}],"author":[{"embeddable":true,"href":"https:\/\/democracycuba.com\/Blog\/wp-json\/wp\/v2\/users\/2"}],"replies":[{"embeddable":true,"href":"https:\/\/democracycuba.com\/Blog\/wp-json\/wp\/v2\/comments?post=413"}],"version-history":[{"count":3,"href":"https:\/\/democracycuba.com\/Blog\/wp-json\/wp\/v2\/posts\/413\/revisions"}],"predecessor-version":[{"id":483,"href":"https:\/\/democracycuba.com\/Blog\/wp-json\/wp\/v2\/posts\/413\/revisions\/483"}],"wp:attachment":[{"href":"https:\/\/democracycuba.com\/Blog\/wp-json\/wp\/v2\/media?parent=413"}],"wp:term":[{"taxonomy":"category","embeddable":true,"href":"https:\/\/democracycuba.com\/Blog\/wp-json\/wp\/v2\/categories?post=413"},{"taxonomy":"post_tag","embeddable":true,"href":"https:\/\/democracycuba.com\/Blog\/wp-json\/wp\/v2\/tags?post=413"}],"curies":[{"name":"wp","href":"https:\/\/api.w.org\/{rel}","templated":true}]}}